{"id":503,"date":"2025-07-20T16:08:09","date_gmt":"2025-07-20T14:08:09","guid":{"rendered":"https:\/\/festifs-event.com\/?p=503"},"modified":"2025-07-28T17:22:18","modified_gmt":"2025-07-28T15:22:18","slug":"louez-la-voiture-de-vos-reves-pour-un-evenement-inoubliable","status":"publish","type":"post","link":"https:\/\/festifs-event.com\/index.php\/louez-la-voiture-de-vos-reves-pour-un-evenement-inoubliable\/","title":{"rendered":"Louez la Voiture de Vos R\u00eaves pour un \u00c9v\u00e9nement Inoubliable"},"content":{"rendered":"\n<p>Ajoutez une touche de prestige et d&rsquo;\u00e9l\u00e9gance \u00e0 vos moments sp\u00e9ciaux ! Que ce soit pour un <strong>mariage<\/strong>, un <strong>shooting photo<\/strong>, un <strong>anniversaire<\/strong> marquant, une <strong>soir\u00e9e de gala<\/strong> ou un <strong>\u00e9v\u00e9nement d&rsquo;entreprise<\/strong>, une voiture d&rsquo;exception transforme instantan\u00e9ment l&rsquo;ambiance et cr\u00e9e des souvenirs imp\u00e9rissables.<\/p>\n\n\n\n<p>Nous vous proposons une s\u00e9lection de <strong>v\u00e9hicules de luxe et de collection \u00e0 louer<\/strong>, avec ou sans chauffeur. Imaginez-vous arriver dans une berline classique, une sportive audacieuse ou une voiture vintage pleine de charme&#8230; Nous avons le v\u00e9hicule parfait pour compl\u00e9ter le style et le prestige de votre \u00e9v\u00e9nement.<\/p>\n\n\n\n<p><strong>Pourquoi choisir notre service de location de voitures pour \u00e9v\u00e9nements ?<\/strong><\/p>\n\n\n\n<ul class=\"wp-block-list\">\n<li><strong>Un parc diversifi\u00e9<\/strong> : Des voitures classiques intemporelles aux mod\u00e8les sportifs modernes, trouvez celle qui correspond \u00e0 votre vision.<\/li>\n\n\n\n<li><strong>Service personnalis\u00e9<\/strong> : Nous sommes \u00e0 votre \u00e9coute pour comprendre vos besoins et vous conseiller le v\u00e9hicule id\u00e9al.<\/li>\n\n\n\n<li><strong>Flexibilit\u00e9<\/strong> : Location \u00e0 l&rsquo;heure, \u00e0 la journ\u00e9e, avec ou sans chauffeur, nous nous adaptons \u00e0 votre emploi du temps.<\/li>\n\n\n\n<li><strong>Exp\u00e9rience m\u00e9morable<\/strong> : Faites de votre arriv\u00e9e un moment spectaculaire et offrez \u00e0 vos invit\u00e9s un spectacle inoubliable.<\/li>\n<\/ul>\n\n\n\n<p>Faites de votre \u00e9v\u00e9nement un moment d&rsquo;exception. Contactez-nous pour discuter de vos besoins et d\u00e9couvrir comment nos belles voitures peuvent sublimer votre journ\u00e9e !<\/p>\n\n\n\n<p><\/p>\n","protected":false},"excerpt":{"rendered":"<p>Ajoutez une touche de prestige et d&rsquo;\u00e9l\u00e9gance \u00e0 vos moments sp\u00e9ciaux ! Que ce soit pour un mariage, un shooting photo, un anniversaire marquant, une&hellip;<\/p>\n","protected":false},"author":3,"featured_media":214,"comment_status":"open","ping_status":"open","sticky":true,"template":"","format":"standard","meta":{"_exactmetrics_skip_tracking":false,"_exactmetrics_sitenote_active":false,"_exactmetrics_sitenote_note":"","_exactmetrics_sitenote_category":0,"footnotes":""},"categories":[9],"tags":[],"class_list":["post-503","post","type-post","status-publish","format-standard","has-post-thumbnail","hentry","category-location-voiture"],"yoast_head":"<!-- This site is optimized with the Yoast SEO plugin v25.6 - https:\/\/yoast.com\/wordpress\/plugins\/seo\/ -->\n<title>Louez la Voiture de Vos R\u00eaves pour un \u00c9v\u00e9nement Inoubliable - Festifs-Event<\/title>\n<meta name=\"robots\" content=\"index, follow, max-snippet:-1, max-image-preview:large, max-video-preview:-1\" \/>\n<link rel=\"canonical\" href=\"https:\/\/festifs-event.com\/index.php\/louez-la-voiture-de-vos-reves-pour-un-evenement-inoubliable\/\" \/>\n<meta property=\"og:locale\" content=\"fr_FR\" \/>\n<meta property=\"og:type\" content=\"article\" \/>\n<meta property=\"og:title\" content=\"Louez la Voiture de Vos R\u00eaves pour un \u00c9v\u00e9nement Inoubliable - Festifs-Event\" \/>\n<meta property=\"og:description\" content=\"Ajoutez une touche de prestige et d&rsquo;\u00e9l\u00e9gance \u00e0 vos moments sp\u00e9ciaux ! Que ce soit pour un mariage, un shooting photo, un anniversaire marquant, une&hellip;\" \/>\n<meta property=\"og:url\" content=\"https:\/\/festifs-event.com\/index.php\/louez-la-voiture-de-vos-reves-pour-un-evenement-inoubliable\/\" \/>\n<meta property=\"og:site_name\" content=\"Festifs-Event\" \/>\n<meta property=\"article:author\" content=\"https:\/\/www.facebook.com\/profile.php?id=100027351986186\" \/>\n<meta property=\"article:published_time\" content=\"2025-07-20T14:08:09+00:00\" \/>\n<meta property=\"article:modified_time\" content=\"2025-07-28T15:22:18+00:00\" \/>\n<meta property=\"og:image\" content=\"https:\/\/festifs-event.com\/wp-content\/uploads\/2020\/06\/limou.jpg\" \/>\n\t<meta property=\"og:image:width\" content=\"1280\" \/>\n\t<meta property=\"og:image:height\" content=\"962\" \/>\n\t<meta property=\"og:image:type\" content=\"image\/jpeg\" \/>\n<meta name=\"author\" content=\"casey creation\" \/>\n<meta name=\"twitter:card\" content=\"summary_large_image\" \/>\n<meta name=\"twitter:label1\" content=\"\u00c9crit par\" \/>\n\t<meta name=\"twitter:data1\" content=\"casey creation\" \/>\n\t<meta name=\"twitter:label2\" content=\"Dur\u00e9e de lecture estim\u00e9e\" \/>\n\t<meta name=\"twitter:data2\" content=\"1 minute\" \/>\n<script type=\"application\/ld+json\" class=\"yoast-schema-graph\">{\"@context\":\"https:\/\/schema.org\",\"@graph\":[{\"@type\":\"Article\",\"@id\":\"https:\/\/festifs-event.com\/index.php\/louez-la-voiture-de-vos-reves-pour-un-evenement-inoubliable\/#article\",\"isPartOf\":{\"@id\":\"https:\/\/festifs-event.com\/index.php\/louez-la-voiture-de-vos-reves-pour-un-evenement-inoubliable\/\"},\"author\":{\"name\":\"casey creation\",\"@id\":\"https:\/\/festifs-event.com\/#\/schema\/person\/72b0bcad911c8a6094ec4bbac81a6249\"},\"headline\":\"Louez la Voiture de Vos R\u00eaves pour un \u00c9v\u00e9nement Inoubliable\",\"datePublished\":\"2025-07-20T14:08:09+00:00\",\"dateModified\":\"2025-07-28T15:22:18+00:00\",\"mainEntityOfPage\":{\"@id\":\"https:\/\/festifs-event.com\/index.php\/louez-la-voiture-de-vos-reves-pour-un-evenement-inoubliable\/\"},\"wordCount\":229,\"commentCount\":0,\"publisher\":{\"@id\":\"https:\/\/festifs-event.com\/#organization\"},\"image\":{\"@id\":\"https:\/\/festifs-event.com\/index.php\/louez-la-voiture-de-vos-reves-pour-un-evenement-inoubliable\/#primaryimage\"},\"thumbnailUrl\":\"https:\/\/festifs-event.com\/wp-content\/uploads\/2020\/06\/limou.jpg\",\"articleSection\":[\"location voiture\"],\"inLanguage\":\"fr-FR\",\"potentialAction\":[{\"@type\":\"CommentAction\",\"name\":\"Comment\",\"target\":[\"https:\/\/festifs-event.com\/index.php\/louez-la-voiture-de-vos-reves-pour-un-evenement-inoubliable\/#respond\"]}]},{\"@type\":\"WebPage\",\"@id\":\"https:\/\/festifs-event.com\/index.php\/louez-la-voiture-de-vos-reves-pour-un-evenement-inoubliable\/\",\"url\":\"https:\/\/festifs-event.com\/index.php\/louez-la-voiture-de-vos-reves-pour-un-evenement-inoubliable\/\",\"name\":\"Louez la Voiture de Vos R\u00eaves pour un \u00c9v\u00e9nement Inoubliable - Festifs-Event\",\"isPartOf\":{\"@id\":\"https:\/\/festifs-event.com\/#website\"},\"primaryImageOfPage\":{\"@id\":\"https:\/\/festifs-event.com\/index.php\/louez-la-voiture-de-vos-reves-pour-un-evenement-inoubliable\/#primaryimage\"},\"image\":{\"@id\":\"https:\/\/festifs-event.com\/index.php\/louez-la-voiture-de-vos-reves-pour-un-evenement-inoubliable\/#primaryimage\"},\"thumbnailUrl\":\"https:\/\/festifs-event.com\/wp-content\/uploads\/2020\/06\/limou.jpg\",\"datePublished\":\"2025-07-20T14:08:09+00:00\",\"dateModified\":\"2025-07-28T15:22:18+00:00\",\"breadcrumb\":{\"@id\":\"https:\/\/festifs-event.com\/index.php\/louez-la-voiture-de-vos-reves-pour-un-evenement-inoubliable\/#breadcrumb\"},\"inLanguage\":\"fr-FR\",\"potentialAction\":[{\"@type\":\"ReadAction\",\"target\":[\"https:\/\/festifs-event.com\/index.php\/louez-la-voiture-de-vos-reves-pour-un-evenement-inoubliable\/\"]}]},{\"@type\":\"ImageObject\",\"inLanguage\":\"fr-FR\",\"@id\":\"https:\/\/festifs-event.com\/index.php\/louez-la-voiture-de-vos-reves-pour-un-evenement-inoubliable\/#primaryimage\",\"url\":\"https:\/\/festifs-event.com\/wp-content\/uploads\/2020\/06\/limou.jpg\",\"contentUrl\":\"https:\/\/festifs-event.com\/wp-content\/uploads\/2020\/06\/limou.jpg\",\"width\":1280,\"height\":962,\"caption\":\"location de limousine\"},{\"@type\":\"BreadcrumbList\",\"@id\":\"https:\/\/festifs-event.com\/index.php\/louez-la-voiture-de-vos-reves-pour-un-evenement-inoubliable\/#breadcrumb\",\"itemListElement\":[{\"@type\":\"ListItem\",\"position\":1,\"name\":\"Accueil\",\"item\":\"https:\/\/festifs-event.com\/\"},{\"@type\":\"ListItem\",\"position\":2,\"name\":\"Louez la Voiture de Vos R\u00eaves pour un \u00c9v\u00e9nement Inoubliable\"}]},{\"@type\":\"WebSite\",\"@id\":\"https:\/\/festifs-event.com\/#website\",\"url\":\"https:\/\/festifs-event.com\/\",\"name\":\"Festifs-Event\",\"description\":\"Location de mat\u00e9riel pour mariages f\u00eates et bapt\u00eames sur le bassin d&#039;Arcachon\",\"publisher\":{\"@id\":\"https:\/\/festifs-event.com\/#organization\"},\"potentialAction\":[{\"@type\":\"SearchAction\",\"target\":{\"@type\":\"EntryPoint\",\"urlTemplate\":\"https:\/\/festifs-event.com\/?s={search_term_string}\"},\"query-input\":{\"@type\":\"PropertyValueSpecification\",\"valueRequired\":true,\"valueName\":\"search_term_string\"}}],\"inLanguage\":\"fr-FR\"},{\"@type\":\"Organization\",\"@id\":\"https:\/\/festifs-event.com\/#organization\",\"name\":\"Festifs-Event\",\"url\":\"https:\/\/festifs-event.com\/\",\"logo\":{\"@type\":\"ImageObject\",\"inLanguage\":\"fr-FR\",\"@id\":\"https:\/\/festifs-event.com\/#\/schema\/logo\/image\/\",\"url\":\"https:\/\/festifs-event.com\/wp-content\/uploads\/2020\/06\/cropped-unnamed.png\",\"contentUrl\":\"https:\/\/festifs-event.com\/wp-content\/uploads\/2020\/06\/cropped-unnamed.png\",\"width\":628,\"height\":329,\"caption\":\"Festifs-Event\"},\"image\":{\"@id\":\"https:\/\/festifs-event.com\/#\/schema\/logo\/image\/\"}},{\"@type\":\"Person\",\"@id\":\"https:\/\/festifs-event.com\/#\/schema\/person\/72b0bcad911c8a6094ec4bbac81a6249\",\"name\":\"casey creation\",\"image\":{\"@type\":\"ImageObject\",\"inLanguage\":\"fr-FR\",\"@id\":\"https:\/\/festifs-event.com\/#\/schema\/person\/image\/\",\"url\":\"https:\/\/secure.gravatar.com\/avatar\/f6ede923e8a6b9a4a5ba7193098ef0ea3fc558d491bc660222fcbcacd8f8e460?s=96&d=mm&r=g\",\"contentUrl\":\"https:\/\/secure.gravatar.com\/avatar\/f6ede923e8a6b9a4a5ba7193098ef0ea3fc558d491bc660222fcbcacd8f8e460?s=96&d=mm&r=g\",\"caption\":\"casey creation\"},\"sameAs\":[\"https:\/\/www.facebook.com\/profile.php?id=100027351986186\"],\"url\":\"https:\/\/festifs-event.com\/index.php\/author\/caseycreationphotographe\/\"}]}<\/script>\n<!-- \/ Yoast SEO plugin. -->","yoast_head_json":{"title":"Louez la Voiture de Vos R\u00eaves pour un \u00c9v\u00e9nement Inoubliable - Festifs-Event","robots":{"index":"index","follow":"follow","max-snippet":"max-snippet:-1","max-image-preview":"max-image-preview:large","max-video-preview":"max-video-preview:-1"},"canonical":"https:\/\/festifs-event.com\/index.php\/louez-la-voiture-de-vos-reves-pour-un-evenement-inoubliable\/","og_locale":"fr_FR","og_type":"article","og_title":"Louez la Voiture de Vos R\u00eaves pour un \u00c9v\u00e9nement Inoubliable - Festifs-Event","og_description":"Ajoutez une touche de prestige et d&rsquo;\u00e9l\u00e9gance \u00e0 vos moments sp\u00e9ciaux ! Que ce soit pour un mariage, un shooting photo, un anniversaire marquant, une&hellip;","og_url":"https:\/\/festifs-event.com\/index.php\/louez-la-voiture-de-vos-reves-pour-un-evenement-inoubliable\/","og_site_name":"Festifs-Event","article_author":"https:\/\/www.facebook.com\/profile.php?id=100027351986186","article_published_time":"2025-07-20T14:08:09+00:00","article_modified_time":"2025-07-28T15:22:18+00:00","og_image":[{"width":1280,"height":962,"url":"https:\/\/festifs-event.com\/wp-content\/uploads\/2020\/06\/limou.jpg","type":"image\/jpeg"}],"author":"casey creation","twitter_card":"summary_large_image","twitter_misc":{"\u00c9crit par":"casey creation","Dur\u00e9e de lecture estim\u00e9e":"1 minute"},"schema":{"@context":"https:\/\/schema.org","@graph":[{"@type":"Article","@id":"https:\/\/festifs-event.com\/index.php\/louez-la-voiture-de-vos-reves-pour-un-evenement-inoubliable\/#article","isPartOf":{"@id":"https:\/\/festifs-event.com\/index.php\/louez-la-voiture-de-vos-reves-pour-un-evenement-inoubliable\/"},"author":{"name":"casey creation","@id":"https:\/\/festifs-event.com\/#\/schema\/person\/72b0bcad911c8a6094ec4bbac81a6249"},"headline":"Louez la Voiture de Vos R\u00eaves pour un \u00c9v\u00e9nement Inoubliable","datePublished":"2025-07-20T14:08:09+00:00","dateModified":"2025-07-28T15:22:18+00:00","mainEntityOfPage":{"@id":"https:\/\/festifs-event.com\/index.php\/louez-la-voiture-de-vos-reves-pour-un-evenement-inoubliable\/"},"wordCount":229,"commentCount":0,"publisher":{"@id":"https:\/\/festifs-event.com\/#organization"},"image":{"@id":"https:\/\/festifs-event.com\/index.php\/louez-la-voiture-de-vos-reves-pour-un-evenement-inoubliable\/#primaryimage"},"thumbnailUrl":"https:\/\/festifs-event.com\/wp-content\/uploads\/2020\/06\/limou.jpg","articleSection":["location voiture"],"inLanguage":"fr-FR","potentialAction":[{"@type":"CommentAction","name":"Comment","target":["https:\/\/festifs-event.com\/index.php\/louez-la-voiture-de-vos-reves-pour-un-evenement-inoubliable\/#respond"]}]},{"@type":"WebPage","@id":"https:\/\/festifs-event.com\/index.php\/louez-la-voiture-de-vos-reves-pour-un-evenement-inoubliable\/","url":"https:\/\/festifs-event.com\/index.php\/louez-la-voiture-de-vos-reves-pour-un-evenement-inoubliable\/","name":"Louez la Voiture de Vos R\u00eaves pour un \u00c9v\u00e9nement Inoubliable - Festifs-Event","isPartOf":{"@id":"https:\/\/festifs-event.com\/#website"},"primaryImageOfPage":{"@id":"https:\/\/festifs-event.com\/index.php\/louez-la-voiture-de-vos-reves-pour-un-evenement-inoubliable\/#primaryimage"},"image":{"@id":"https:\/\/festifs-event.com\/index.php\/louez-la-voiture-de-vos-reves-pour-un-evenement-inoubliable\/#primaryimage"},"thumbnailUrl":"https:\/\/festifs-event.com\/wp-content\/uploads\/2020\/06\/limou.jpg","datePublished":"2025-07-20T14:08:09+00:00","dateModified":"2025-07-28T15:22:18+00:00","breadcrumb":{"@id":"https:\/\/festifs-event.com\/index.php\/louez-la-voiture-de-vos-reves-pour-un-evenement-inoubliable\/#breadcrumb"},"inLanguage":"fr-FR","potentialAction":[{"@type":"ReadAction","target":["https:\/\/festifs-event.com\/index.php\/louez-la-voiture-de-vos-reves-pour-un-evenement-inoubliable\/"]}]},{"@type":"ImageObject","inLanguage":"fr-FR","@id":"https:\/\/festifs-event.com\/index.php\/louez-la-voiture-de-vos-reves-pour-un-evenement-inoubliable\/#primaryimage","url":"https:\/\/festifs-event.com\/wp-content\/uploads\/2020\/06\/limou.jpg","contentUrl":"https:\/\/festifs-event.com\/wp-content\/uploads\/2020\/06\/limou.jpg","width":1280,"height":962,"caption":"location de limousine"},{"@type":"BreadcrumbList","@id":"https:\/\/festifs-event.com\/index.php\/louez-la-voiture-de-vos-reves-pour-un-evenement-inoubliable\/#breadcrumb","itemListElement":[{"@type":"ListItem","position":1,"name":"Accueil","item":"https:\/\/festifs-event.com\/"},{"@type":"ListItem","position":2,"name":"Louez la Voiture de Vos R\u00eaves pour un \u00c9v\u00e9nement Inoubliable"}]},{"@type":"WebSite","@id":"https:\/\/festifs-event.com\/#website","url":"https:\/\/festifs-event.com\/","name":"Festifs-Event","description":"Location de mat\u00e9riel pour mariages f\u00eates et bapt\u00eames sur le bassin d&#039;Arcachon","publisher":{"@id":"https:\/\/festifs-event.com\/#organization"},"potentialAction":[{"@type":"SearchAction","target":{"@type":"EntryPoint","urlTemplate":"https:\/\/festifs-event.com\/?s={search_term_string}"},"query-input":{"@type":"PropertyValueSpecification","valueRequired":true,"valueName":"search_term_string"}}],"inLanguage":"fr-FR"},{"@type":"Organization","@id":"https:\/\/festifs-event.com\/#organization","name":"Festifs-Event","url":"https:\/\/festifs-event.com\/","logo":{"@type":"ImageObject","inLanguage":"fr-FR","@id":"https:\/\/festifs-event.com\/#\/schema\/logo\/image\/","url":"https:\/\/festifs-event.com\/wp-content\/uploads\/2020\/06\/cropped-unnamed.png","contentUrl":"https:\/\/festifs-event.com\/wp-content\/uploads\/2020\/06\/cropped-unnamed.png","width":628,"height":329,"caption":"Festifs-Event"},"image":{"@id":"https:\/\/festifs-event.com\/#\/schema\/logo\/image\/"}},{"@type":"Person","@id":"https:\/\/festifs-event.com\/#\/schema\/person\/72b0bcad911c8a6094ec4bbac81a6249","name":"casey creation","image":{"@type":"ImageObject","inLanguage":"fr-FR","@id":"https:\/\/festifs-event.com\/#\/schema\/person\/image\/","url":"https:\/\/secure.gravatar.com\/avatar\/f6ede923e8a6b9a4a5ba7193098ef0ea3fc558d491bc660222fcbcacd8f8e460?s=96&d=mm&r=g","contentUrl":"https:\/\/secure.gravatar.com\/avatar\/f6ede923e8a6b9a4a5ba7193098ef0ea3fc558d491bc660222fcbcacd8f8e460?s=96&d=mm&r=g","caption":"casey creation"},"sameAs":["https:\/\/www.facebook.com\/profile.php?id=100027351986186"],"url":"https:\/\/festifs-event.com\/index.php\/author\/caseycreationphotographe\/"}]}},"_links":{"self":[{"href":"https:\/\/festifs-event.com\/index.php\/wp-json\/wp\/v2\/posts\/503","targetHints":{"allow":["GET"]}}],"collection":[{"href":"https:\/\/festifs-event.com\/index.php\/wp-json\/wp\/v2\/posts"}],"about":[{"href":"https:\/\/festifs-event.com\/index.php\/wp-json\/wp\/v2\/types\/post"}],"author":[{"embeddable":true,"href":"https:\/\/festifs-event.com\/index.php\/wp-json\/wp\/v2\/users\/3"}],"replies":[{"embeddable":true,"href":"https:\/\/festifs-event.com\/index.php\/wp-json\/wp\/v2\/comments?post=503"}],"version-history":[{"count":1,"href":"https:\/\/festifs-event.com\/index.php\/wp-json\/wp\/v2\/posts\/503\/revisions"}],"predecessor-version":[{"id":504,"href":"https:\/\/festifs-event.com\/index.php\/wp-json\/wp\/v2\/posts\/503\/revisions\/504"}],"wp:featuredmedia":[{"embeddable":true,"href":"https:\/\/festifs-event.com\/index.php\/wp-json\/wp\/v2\/media\/214"}],"wp:attachment":[{"href":"https:\/\/festifs-event.com\/index.php\/wp-json\/wp\/v2\/media?parent=503"}],"wp:term":[{"taxonomy":"category","embeddable":true,"href":"https:\/\/festifs-event.com\/index.php\/wp-json\/wp\/v2\/categories?post=503"},{"taxonomy":"post_tag","embeddable":true,"href":"https:\/\/festifs-event.com\/index.php\/wp-json\/wp\/v2\/tags?post=503"}],"curies":[{"name":"wp","href":"https:\/\/api.w.org\/{rel}","templated":true}]}}