{"id":501,"date":"2025-07-20T15:58:13","date_gmt":"2025-07-20T13:58:13","guid":{"rendered":"https:\/\/festifs-event.com\/?p=501"},"modified":"2025-07-28T17:22:26","modified_gmt":"2025-07-28T15:22:26","slug":"imaginez-lambiance-parfaite-pour-votre-evenement-nous-vous-aidons-a-la-concretiser-grace-a-notre-service-de-location-de-materiel-de-decoration-laissez-libre-cours-a-votre-creativite-que","status":"publish","type":"post","link":"https:\/\/festifs-event.com\/index.php\/imaginez-lambiance-parfaite-pour-votre-evenement-nous-vous-aidons-a-la-concretiser-grace-a-notre-service-de-location-de-materiel-de-decoration-laissez-libre-cours-a-votre-creativite-que\/","title":{"rendered":"Location de Mat\u00e9riel et D\u00e9cors : Donnez Vie \u00e0 Tous Vos \u00c9v\u00e9nements !"},"content":{"rendered":"\n<figure class=\"wp-block-image size-full is-style-rounded\"><img loading=\"lazy\" decoding=\"async\" width=\"1024\" height=\"1024\" src=\"https:\/\/festifs-event.com\/wp-content\/uploads\/2025\/07\/15348CE3-04B6-4792-AE4D-FFB2C9A8E7BB-2.jpg\" alt=\"\" class=\"wp-image-531\" srcset=\"https:\/\/festifs-event.com\/wp-content\/uploads\/2025\/07\/15348CE3-04B6-4792-AE4D-FFB2C9A8E7BB-2.jpg 1024w, https:\/\/festifs-event.com\/wp-content\/uploads\/2025\/07\/15348CE3-04B6-4792-AE4D-FFB2C9A8E7BB-2-300x300.jpg 300w, https:\/\/festifs-event.com\/wp-content\/uploads\/2025\/07\/15348CE3-04B6-4792-AE4D-FFB2C9A8E7BB-2-150x150.jpg 150w, https:\/\/festifs-event.com\/wp-content\/uploads\/2025\/07\/15348CE3-04B6-4792-AE4D-FFB2C9A8E7BB-2-768x768.jpg 768w\" sizes=\"auto, (max-width: 1024px) 100vw, 1024px\" \/><\/figure>\n\n\n\n<p>Que vous soyez un particulier ou un professionnel, l&rsquo;organisation d&rsquo;un \u00e9v\u00e9nement demande une attention particuli\u00e8re aux d\u00e9tails pour cr\u00e9er l&rsquo;ambiance parfaite. Chez nous, louer du <strong>mat\u00e9riel<\/strong> et des <strong>\u00e9l\u00e9ments de d\u00e9cor<\/strong> devient simple, efficace et inspirant pour toutes vos manifestations !<\/p>\n\n\n\n<h3 class=\"wp-block-heading\">Une Offre Compl\u00e8te pour Chaque Occasion<\/h3>\n\n\n\n<p>Nous mettons \u00e0 votre disposition une vaste gamme de produits adapt\u00e9s \u00e0 tous types d&rsquo;\u00e9v\u00e9nements :<\/p>\n\n\n\n<ul class=\"wp-block-list has-medium-font-size\">\n<li><strong>Mariages et R\u00e9ceptions<\/strong> : Mobilier \u00e9l\u00e9gant, vaisselle raffin\u00e9e, linge de table, arches, chemins de table, bougeoirs, et \u00e9clairage d&rsquo;ambiance pour une journ\u00e9e inoubliable.<\/li>\n\n\n\n<li><strong>Anniversaires et F\u00eates Priv\u00e9es<\/strong> : Th\u00e8mes vari\u00e9s, machines \u00e0 effets (fum\u00e9e, bulles), \u00e9l\u00e9ments d\u00e9coratifs originaux et accessoires ludiques pour \u00e9merveiller vos invit\u00e9s.<\/li>\n\n\n\n<li><strong>\u00c9v\u00e9nements d&rsquo;Entreprise et Salons<\/strong> : Stands personnalisables, mobilier design, mat\u00e9riel de conf\u00e9rence, \u00e9l\u00e9ments de signal\u00e9tique et d\u00e9cors th\u00e9matiques pour renforcer votre image.<\/li>\n\n\n\n<li><strong>Spectacles et Sc\u00e9nographies<\/strong> : Structures modulables, fonds de sc\u00e8ne, projecteurs, \u00e9l\u00e9ments de d\u00e9coration grand format pour une immersion totale.<\/li>\n\n\n\n<li><strong>Baby Showers et Bapt\u00eames<\/strong> : D\u00e9cors doux et enchant\u00e9s, candy bars, accessoires photo, et tout le n\u00e9cessaire pour c\u00e9l\u00e9brer l&rsquo;arriv\u00e9e des plus petits.<\/li>\n<\/ul>\n\n\n\n<h3 class=\"wp-block-heading\">Votre Vision, Notre Expertise<\/h3>\n\n\n\n<p>Nous savons que chaque \u00e9v\u00e9nement est unique. C&rsquo;est pourquoi nous vous offrons :<\/p>\n\n\n\n<ul class=\"wp-block-list\">\n<li><strong>Un catalogue diversifi\u00e9<\/strong> : Des styles classiques aux tendances les plus actuelles, trouvez le mat\u00e9riel et le d\u00e9cor qui correspondent parfaitement \u00e0 votre vision.<\/li>\n\n\n\n<li><strong>Qualit\u00e9 et Entretien<\/strong> : Tous nos articles sont soigneusement v\u00e9rifi\u00e9s et entretenus pour vous garantir un mat\u00e9riel impeccable et s\u00e9curis\u00e9.<\/li>\n\n\n\n<li><strong>Conseils Personnalis\u00e9s<\/strong> : Notre \u00e9quipe est \u00e0 votre \u00e9coute pour vous guider dans vos choix et vous aider \u00e0 optimiser l&rsquo;am\u00e9nagement de votre espace.<\/li>\n\n\n\n<li><strong>Flexibilit\u00e9<\/strong> : De la petite touche d\u00e9corative au pack complet, nous nous adaptons \u00e0 vos besoins et \u00e0 votre budget.<\/li>\n<\/ul>\n\n\n\n<p>Simplifiez l&rsquo;organisation et sublimez vos \u00e9v\u00e9nements. Explorez notre catalogue en ligne ou contactez-nous d\u00e8s aujourd&rsquo;hui pour donner vie \u00e0 vos projets !<\/p>\n\n\n\n<div class=\"wp-block-media-text is-stacked-on-mobile\"><figure class=\"wp-block-media-text__media\"><img loading=\"lazy\" decoding=\"async\" width=\"225\" height=\"300\" src=\"https:\/\/festifs-event.com\/wp-content\/uploads\/2021\/06\/fontaine2-bis-225x300.jpg\" alt=\"D\u00e9coration Mini\" class=\"wp-image-490 size-medium\" srcset=\"https:\/\/festifs-event.com\/wp-content\/uploads\/2021\/06\/fontaine2-bis-225x300.jpg 225w, https:\/\/festifs-event.com\/wp-content\/uploads\/2021\/06\/fontaine2-bis.jpg 720w\" sizes=\"auto, (max-width: 225px) 100vw, 225px\" \/><\/figure><div class=\"wp-block-media-text__content\">\n<p><\/p>\n<\/div><\/div>\n","protected":false},"excerpt":{"rendered":"<p>Que vous soyez un particulier ou un professionnel, l&rsquo;organisation d&rsquo;un \u00e9v\u00e9nement demande une attention particuli\u00e8re aux d\u00e9tails pour cr\u00e9er l&rsquo;ambiance parfaite. Chez nous, louer du&hellip;<\/p>\n","protected":false},"author":3,"featured_media":223,"comment_status":"open","ping_status":"open","sticky":true,"template":"","format":"standard","meta":{"_exactmetrics_skip_tracking":false,"_exactmetrics_sitenote_active":false,"_exactmetrics_sitenote_note":"","_exactmetrics_sitenote_category":0,"footnotes":""},"categories":[8,12],"tags":[13,15,14],"class_list":["post-501","post","type-post","status-publish","format-standard","has-post-thumbnail","hentry","category-baby-shower","category-decorations-2","tag-decorations-de-fetes","tag-evenement","tag-location-de-materiel"],"yoast_head":"<!-- This site is optimized with the Yoast SEO plugin v25.6 - https:\/\/yoast.com\/wordpress\/plugins\/seo\/ -->\n<title>Location de Mat\u00e9riel et D\u00e9cors : Donnez Vie \u00e0 Tous Vos \u00c9v\u00e9nements ! - Festifs-Event<\/title>\n<meta name=\"robots\" content=\"index, follow, max-snippet:-1, max-image-preview:large, max-video-preview:-1\" \/>\n<link rel=\"canonical\" href=\"https:\/\/festifs-event.com\/index.php\/imaginez-lambiance-parfaite-pour-votre-evenement-nous-vous-aidons-a-la-concretiser-grace-a-notre-service-de-location-de-materiel-de-decoration-laissez-libre-cours-a-votre-creativite-que\/\" \/>\n<meta property=\"og:locale\" content=\"fr_FR\" \/>\n<meta property=\"og:type\" content=\"article\" \/>\n<meta property=\"og:title\" content=\"Location de Mat\u00e9riel et D\u00e9cors : Donnez Vie \u00e0 Tous Vos \u00c9v\u00e9nements ! - Festifs-Event\" \/>\n<meta property=\"og:description\" content=\"Que vous soyez un particulier ou un professionnel, l&rsquo;organisation d&rsquo;un \u00e9v\u00e9nement demande une attention particuli\u00e8re aux d\u00e9tails pour cr\u00e9er l&rsquo;ambiance parfaite. Chez nous, louer du&hellip;\" \/>\n<meta property=\"og:url\" content=\"https:\/\/festifs-event.com\/index.php\/imaginez-lambiance-parfaite-pour-votre-evenement-nous-vous-aidons-a-la-concretiser-grace-a-notre-service-de-location-de-materiel-de-decoration-laissez-libre-cours-a-votre-creativite-que\/\" \/>\n<meta property=\"og:site_name\" content=\"Festifs-Event\" \/>\n<meta property=\"article:author\" content=\"https:\/\/www.facebook.com\/profile.php?id=100027351986186\" \/>\n<meta property=\"article:published_time\" content=\"2025-07-20T13:58:13+00:00\" \/>\n<meta property=\"article:modified_time\" content=\"2025-07-28T15:22:26+00:00\" \/>\n<meta property=\"og:image\" content=\"https:\/\/festifs-event.com\/wp-content\/uploads\/2020\/06\/15-1.jpg\" \/>\n\t<meta property=\"og:image:width\" content=\"1064\" \/>\n\t<meta property=\"og:image:height\" content=\"800\" \/>\n\t<meta property=\"og:image:type\" content=\"image\/jpeg\" \/>\n<meta name=\"author\" content=\"casey creation\" \/>\n<meta name=\"twitter:card\" content=\"summary_large_image\" \/>\n<meta name=\"twitter:label1\" content=\"\u00c9crit par\" \/>\n\t<meta name=\"twitter:data1\" content=\"casey creation\" \/>\n\t<meta name=\"twitter:label2\" content=\"Dur\u00e9e de lecture estim\u00e9e\" \/>\n\t<meta name=\"twitter:data2\" content=\"2 minutes\" \/>\n<script type=\"application\/ld+json\" class=\"yoast-schema-graph\">{\"@context\":\"https:\/\/schema.org\",\"@graph\":[{\"@type\":\"Article\",\"@id\":\"https:\/\/festifs-event.com\/index.php\/imaginez-lambiance-parfaite-pour-votre-evenement-nous-vous-aidons-a-la-concretiser-grace-a-notre-service-de-location-de-materiel-de-decoration-laissez-libre-cours-a-votre-creativite-que\/#article\",\"isPartOf\":{\"@id\":\"https:\/\/festifs-event.com\/index.php\/imaginez-lambiance-parfaite-pour-votre-evenement-nous-vous-aidons-a-la-concretiser-grace-a-notre-service-de-location-de-materiel-de-decoration-laissez-libre-cours-a-votre-creativite-que\/\"},\"author\":{\"name\":\"casey creation\",\"@id\":\"https:\/\/festifs-event.com\/#\/schema\/person\/72b0bcad911c8a6094ec4bbac81a6249\"},\"headline\":\"Location de Mat\u00e9riel et D\u00e9cors : Donnez Vie \u00e0 Tous Vos \u00c9v\u00e9nements !\",\"datePublished\":\"2025-07-20T13:58:13+00:00\",\"dateModified\":\"2025-07-28T15:22:26+00:00\",\"mainEntityOfPage\":{\"@id\":\"https:\/\/festifs-event.com\/index.php\/imaginez-lambiance-parfaite-pour-votre-evenement-nous-vous-aidons-a-la-concretiser-grace-a-notre-service-de-location-de-materiel-de-decoration-laissez-libre-cours-a-votre-creativite-que\/\"},\"wordCount\":353,\"commentCount\":0,\"publisher\":{\"@id\":\"https:\/\/festifs-event.com\/#organization\"},\"image\":{\"@id\":\"https:\/\/festifs-event.com\/index.php\/imaginez-lambiance-parfaite-pour-votre-evenement-nous-vous-aidons-a-la-concretiser-grace-a-notre-service-de-location-de-materiel-de-decoration-laissez-libre-cours-a-votre-creativite-que\/#primaryimage\"},\"thumbnailUrl\":\"https:\/\/festifs-event.com\/wp-content\/uploads\/2020\/06\/15-1.jpg\",\"keywords\":[\"D\u00e9corations de f\u00eates\",\"\u00e9v\u00e9nement\",\"location de mat\u00e9riel\"],\"articleSection\":[\"Baby shower\",\"D\u00e9corations\"],\"inLanguage\":\"fr-FR\",\"potentialAction\":[{\"@type\":\"CommentAction\",\"name\":\"Comment\",\"target\":[\"https:\/\/festifs-event.com\/index.php\/imaginez-lambiance-parfaite-pour-votre-evenement-nous-vous-aidons-a-la-concretiser-grace-a-notre-service-de-location-de-materiel-de-decoration-laissez-libre-cours-a-votre-creativite-que\/#respond\"]}]},{\"@type\":\"WebPage\",\"@id\":\"https:\/\/festifs-event.com\/index.php\/imaginez-lambiance-parfaite-pour-votre-evenement-nous-vous-aidons-a-la-concretiser-grace-a-notre-service-de-location-de-materiel-de-decoration-laissez-libre-cours-a-votre-creativite-que\/\",\"url\":\"https:\/\/festifs-event.com\/index.php\/imaginez-lambiance-parfaite-pour-votre-evenement-nous-vous-aidons-a-la-concretiser-grace-a-notre-service-de-location-de-materiel-de-decoration-laissez-libre-cours-a-votre-creativite-que\/\",\"name\":\"Location de Mat\u00e9riel et D\u00e9cors : Donnez Vie \u00e0 Tous Vos \u00c9v\u00e9nements ! - Festifs-Event\",\"isPartOf\":{\"@id\":\"https:\/\/festifs-event.com\/#website\"},\"primaryImageOfPage\":{\"@id\":\"https:\/\/festifs-event.com\/index.php\/imaginez-lambiance-parfaite-pour-votre-evenement-nous-vous-aidons-a-la-concretiser-grace-a-notre-service-de-location-de-materiel-de-decoration-laissez-libre-cours-a-votre-creativite-que\/#primaryimage\"},\"image\":{\"@id\":\"https:\/\/festifs-event.com\/index.php\/imaginez-lambiance-parfaite-pour-votre-evenement-nous-vous-aidons-a-la-concretiser-grace-a-notre-service-de-location-de-materiel-de-decoration-laissez-libre-cours-a-votre-creativite-que\/#primaryimage\"},\"thumbnailUrl\":\"https:\/\/festifs-event.com\/wp-content\/uploads\/2020\/06\/15-1.jpg\",\"datePublished\":\"2025-07-20T13:58:13+00:00\",\"dateModified\":\"2025-07-28T15:22:26+00:00\",\"breadcrumb\":{\"@id\":\"https:\/\/festifs-event.com\/index.php\/imaginez-lambiance-parfaite-pour-votre-evenement-nous-vous-aidons-a-la-concretiser-grace-a-notre-service-de-location-de-materiel-de-decoration-laissez-libre-cours-a-votre-creativite-que\/#breadcrumb\"},\"inLanguage\":\"fr-FR\",\"potentialAction\":[{\"@type\":\"ReadAction\",\"target\":[\"https:\/\/festifs-event.com\/index.php\/imaginez-lambiance-parfaite-pour-votre-evenement-nous-vous-aidons-a-la-concretiser-grace-a-notre-service-de-location-de-materiel-de-decoration-laissez-libre-cours-a-votre-creativite-que\/\"]}]},{\"@type\":\"ImageObject\",\"inLanguage\":\"fr-FR\",\"@id\":\"https:\/\/festifs-event.com\/index.php\/imaginez-lambiance-parfaite-pour-votre-evenement-nous-vous-aidons-a-la-concretiser-grace-a-notre-service-de-location-de-materiel-de-decoration-laissez-libre-cours-a-votre-creativite-que\/#primaryimage\",\"url\":\"https:\/\/festifs-event.com\/wp-content\/uploads\/2020\/06\/15-1.jpg\",\"contentUrl\":\"https:\/\/festifs-event.com\/wp-content\/uploads\/2020\/06\/15-1.jpg\",\"width\":1064,\"height\":800,\"caption\":\"D\u00e9corations selon vos choix et go\u00fbts\"},{\"@type\":\"BreadcrumbList\",\"@id\":\"https:\/\/festifs-event.com\/index.php\/imaginez-lambiance-parfaite-pour-votre-evenement-nous-vous-aidons-a-la-concretiser-grace-a-notre-service-de-location-de-materiel-de-decoration-laissez-libre-cours-a-votre-creativite-que\/#breadcrumb\",\"itemListElement\":[{\"@type\":\"ListItem\",\"position\":1,\"name\":\"Accueil\",\"item\":\"https:\/\/festifs-event.com\/\"},{\"@type\":\"ListItem\",\"position\":2,\"name\":\"Location de Mat\u00e9riel et D\u00e9cors : Donnez Vie \u00e0 Tous Vos \u00c9v\u00e9nements !\"}]},{\"@type\":\"WebSite\",\"@id\":\"https:\/\/festifs-event.com\/#website\",\"url\":\"https:\/\/festifs-event.com\/\",\"name\":\"Festifs-Event\",\"description\":\"Location de mat\u00e9riel pour mariages f\u00eates et bapt\u00eames sur le bassin d&#039;Arcachon\",\"publisher\":{\"@id\":\"https:\/\/festifs-event.com\/#organization\"},\"potentialAction\":[{\"@type\":\"SearchAction\",\"target\":{\"@type\":\"EntryPoint\",\"urlTemplate\":\"https:\/\/festifs-event.com\/?s={search_term_string}\"},\"query-input\":{\"@type\":\"PropertyValueSpecification\",\"valueRequired\":true,\"valueName\":\"search_term_string\"}}],\"inLanguage\":\"fr-FR\"},{\"@type\":\"Organization\",\"@id\":\"https:\/\/festifs-event.com\/#organization\",\"name\":\"Festifs-Event\",\"url\":\"https:\/\/festifs-event.com\/\",\"logo\":{\"@type\":\"ImageObject\",\"inLanguage\":\"fr-FR\",\"@id\":\"https:\/\/festifs-event.com\/#\/schema\/logo\/image\/\",\"url\":\"https:\/\/festifs-event.com\/wp-content\/uploads\/2020\/06\/cropped-unnamed.png\",\"contentUrl\":\"https:\/\/festifs-event.com\/wp-content\/uploads\/2020\/06\/cropped-unnamed.png\",\"width\":628,\"height\":329,\"caption\":\"Festifs-Event\"},\"image\":{\"@id\":\"https:\/\/festifs-event.com\/#\/schema\/logo\/image\/\"}},{\"@type\":\"Person\",\"@id\":\"https:\/\/festifs-event.com\/#\/schema\/person\/72b0bcad911c8a6094ec4bbac81a6249\",\"name\":\"casey creation\",\"image\":{\"@type\":\"ImageObject\",\"inLanguage\":\"fr-FR\",\"@id\":\"https:\/\/festifs-event.com\/#\/schema\/person\/image\/\",\"url\":\"https:\/\/secure.gravatar.com\/avatar\/f6ede923e8a6b9a4a5ba7193098ef0ea3fc558d491bc660222fcbcacd8f8e460?s=96&d=mm&r=g\",\"contentUrl\":\"https:\/\/secure.gravatar.com\/avatar\/f6ede923e8a6b9a4a5ba7193098ef0ea3fc558d491bc660222fcbcacd8f8e460?s=96&d=mm&r=g\",\"caption\":\"casey creation\"},\"sameAs\":[\"https:\/\/www.facebook.com\/profile.php?id=100027351986186\"],\"url\":\"https:\/\/festifs-event.com\/index.php\/author\/caseycreationphotographe\/\"}]}<\/script>\n<!-- \/ Yoast SEO plugin. -->","yoast_head_json":{"title":"Location de Mat\u00e9riel et D\u00e9cors : Donnez Vie \u00e0 Tous Vos \u00c9v\u00e9nements ! - Festifs-Event","robots":{"index":"index","follow":"follow","max-snippet":"max-snippet:-1","max-image-preview":"max-image-preview:large","max-video-preview":"max-video-preview:-1"},"canonical":"https:\/\/festifs-event.com\/index.php\/imaginez-lambiance-parfaite-pour-votre-evenement-nous-vous-aidons-a-la-concretiser-grace-a-notre-service-de-location-de-materiel-de-decoration-laissez-libre-cours-a-votre-creativite-que\/","og_locale":"fr_FR","og_type":"article","og_title":"Location de Mat\u00e9riel et D\u00e9cors : Donnez Vie \u00e0 Tous Vos \u00c9v\u00e9nements ! - Festifs-Event","og_description":"Que vous soyez un particulier ou un professionnel, l&rsquo;organisation d&rsquo;un \u00e9v\u00e9nement demande une attention particuli\u00e8re aux d\u00e9tails pour cr\u00e9er l&rsquo;ambiance parfaite. Chez nous, louer du&hellip;","og_url":"https:\/\/festifs-event.com\/index.php\/imaginez-lambiance-parfaite-pour-votre-evenement-nous-vous-aidons-a-la-concretiser-grace-a-notre-service-de-location-de-materiel-de-decoration-laissez-libre-cours-a-votre-creativite-que\/","og_site_name":"Festifs-Event","article_author":"https:\/\/www.facebook.com\/profile.php?id=100027351986186","article_published_time":"2025-07-20T13:58:13+00:00","article_modified_time":"2025-07-28T15:22:26+00:00","og_image":[{"width":1064,"height":800,"url":"https:\/\/festifs-event.com\/wp-content\/uploads\/2020\/06\/15-1.jpg","type":"image\/jpeg"}],"author":"casey creation","twitter_card":"summary_large_image","twitter_misc":{"\u00c9crit par":"casey creation","Dur\u00e9e de lecture estim\u00e9e":"2 minutes"},"schema":{"@context":"https:\/\/schema.org","@graph":[{"@type":"Article","@id":"https:\/\/festifs-event.com\/index.php\/imaginez-lambiance-parfaite-pour-votre-evenement-nous-vous-aidons-a-la-concretiser-grace-a-notre-service-de-location-de-materiel-de-decoration-laissez-libre-cours-a-votre-creativite-que\/#article","isPartOf":{"@id":"https:\/\/festifs-event.com\/index.php\/imaginez-lambiance-parfaite-pour-votre-evenement-nous-vous-aidons-a-la-concretiser-grace-a-notre-service-de-location-de-materiel-de-decoration-laissez-libre-cours-a-votre-creativite-que\/"},"author":{"name":"casey creation","@id":"https:\/\/festifs-event.com\/#\/schema\/person\/72b0bcad911c8a6094ec4bbac81a6249"},"headline":"Location de Mat\u00e9riel et D\u00e9cors : Donnez Vie \u00e0 Tous Vos \u00c9v\u00e9nements !","datePublished":"2025-07-20T13:58:13+00:00","dateModified":"2025-07-28T15:22:26+00:00","mainEntityOfPage":{"@id":"https:\/\/festifs-event.com\/index.php\/imaginez-lambiance-parfaite-pour-votre-evenement-nous-vous-aidons-a-la-concretiser-grace-a-notre-service-de-location-de-materiel-de-decoration-laissez-libre-cours-a-votre-creativite-que\/"},"wordCount":353,"commentCount":0,"publisher":{"@id":"https:\/\/festifs-event.com\/#organization"},"image":{"@id":"https:\/\/festifs-event.com\/index.php\/imaginez-lambiance-parfaite-pour-votre-evenement-nous-vous-aidons-a-la-concretiser-grace-a-notre-service-de-location-de-materiel-de-decoration-laissez-libre-cours-a-votre-creativite-que\/#primaryimage"},"thumbnailUrl":"https:\/\/festifs-event.com\/wp-content\/uploads\/2020\/06\/15-1.jpg","keywords":["D\u00e9corations de f\u00eates","\u00e9v\u00e9nement","location de mat\u00e9riel"],"articleSection":["Baby shower","D\u00e9corations"],"inLanguage":"fr-FR","potentialAction":[{"@type":"CommentAction","name":"Comment","target":["https:\/\/festifs-event.com\/index.php\/imaginez-lambiance-parfaite-pour-votre-evenement-nous-vous-aidons-a-la-concretiser-grace-a-notre-service-de-location-de-materiel-de-decoration-laissez-libre-cours-a-votre-creativite-que\/#respond"]}]},{"@type":"WebPage","@id":"https:\/\/festifs-event.com\/index.php\/imaginez-lambiance-parfaite-pour-votre-evenement-nous-vous-aidons-a-la-concretiser-grace-a-notre-service-de-location-de-materiel-de-decoration-laissez-libre-cours-a-votre-creativite-que\/","url":"https:\/\/festifs-event.com\/index.php\/imaginez-lambiance-parfaite-pour-votre-evenement-nous-vous-aidons-a-la-concretiser-grace-a-notre-service-de-location-de-materiel-de-decoration-laissez-libre-cours-a-votre-creativite-que\/","name":"Location de Mat\u00e9riel et D\u00e9cors : Donnez Vie \u00e0 Tous Vos \u00c9v\u00e9nements ! - Festifs-Event","isPartOf":{"@id":"https:\/\/festifs-event.com\/#website"},"primaryImageOfPage":{"@id":"https:\/\/festifs-event.com\/index.php\/imaginez-lambiance-parfaite-pour-votre-evenement-nous-vous-aidons-a-la-concretiser-grace-a-notre-service-de-location-de-materiel-de-decoration-laissez-libre-cours-a-votre-creativite-que\/#primaryimage"},"image":{"@id":"https:\/\/festifs-event.com\/index.php\/imaginez-lambiance-parfaite-pour-votre-evenement-nous-vous-aidons-a-la-concretiser-grace-a-notre-service-de-location-de-materiel-de-decoration-laissez-libre-cours-a-votre-creativite-que\/#primaryimage"},"thumbnailUrl":"https:\/\/festifs-event.com\/wp-content\/uploads\/2020\/06\/15-1.jpg","datePublished":"2025-07-20T13:58:13+00:00","dateModified":"2025-07-28T15:22:26+00:00","breadcrumb":{"@id":"https:\/\/festifs-event.com\/index.php\/imaginez-lambiance-parfaite-pour-votre-evenement-nous-vous-aidons-a-la-concretiser-grace-a-notre-service-de-location-de-materiel-de-decoration-laissez-libre-cours-a-votre-creativite-que\/#breadcrumb"},"inLanguage":"fr-FR","potentialAction":[{"@type":"ReadAction","target":["https:\/\/festifs-event.com\/index.php\/imaginez-lambiance-parfaite-pour-votre-evenement-nous-vous-aidons-a-la-concretiser-grace-a-notre-service-de-location-de-materiel-de-decoration-laissez-libre-cours-a-votre-creativite-que\/"]}]},{"@type":"ImageObject","inLanguage":"fr-FR","@id":"https:\/\/festifs-event.com\/index.php\/imaginez-lambiance-parfaite-pour-votre-evenement-nous-vous-aidons-a-la-concretiser-grace-a-notre-service-de-location-de-materiel-de-decoration-laissez-libre-cours-a-votre-creativite-que\/#primaryimage","url":"https:\/\/festifs-event.com\/wp-content\/uploads\/2020\/06\/15-1.jpg","contentUrl":"https:\/\/festifs-event.com\/wp-content\/uploads\/2020\/06\/15-1.jpg","width":1064,"height":800,"caption":"D\u00e9corations selon vos choix et go\u00fbts"},{"@type":"BreadcrumbList","@id":"https:\/\/festifs-event.com\/index.php\/imaginez-lambiance-parfaite-pour-votre-evenement-nous-vous-aidons-a-la-concretiser-grace-a-notre-service-de-location-de-materiel-de-decoration-laissez-libre-cours-a-votre-creativite-que\/#breadcrumb","itemListElement":[{"@type":"ListItem","position":1,"name":"Accueil","item":"https:\/\/festifs-event.com\/"},{"@type":"ListItem","position":2,"name":"Location de Mat\u00e9riel et D\u00e9cors : Donnez Vie \u00e0 Tous Vos \u00c9v\u00e9nements !"}]},{"@type":"WebSite","@id":"https:\/\/festifs-event.com\/#website","url":"https:\/\/festifs-event.com\/","name":"Festifs-Event","description":"Location de mat\u00e9riel pour mariages f\u00eates et bapt\u00eames sur le bassin d&#039;Arcachon","publisher":{"@id":"https:\/\/festifs-event.com\/#organization"},"potentialAction":[{"@type":"SearchAction","target":{"@type":"EntryPoint","urlTemplate":"https:\/\/festifs-event.com\/?s={search_term_string}"},"query-input":{"@type":"PropertyValueSpecification","valueRequired":true,"valueName":"search_term_string"}}],"inLanguage":"fr-FR"},{"@type":"Organization","@id":"https:\/\/festifs-event.com\/#organization","name":"Festifs-Event","url":"https:\/\/festifs-event.com\/","logo":{"@type":"ImageObject","inLanguage":"fr-FR","@id":"https:\/\/festifs-event.com\/#\/schema\/logo\/image\/","url":"https:\/\/festifs-event.com\/wp-content\/uploads\/2020\/06\/cropped-unnamed.png","contentUrl":"https:\/\/festifs-event.com\/wp-content\/uploads\/2020\/06\/cropped-unnamed.png","width":628,"height":329,"caption":"Festifs-Event"},"image":{"@id":"https:\/\/festifs-event.com\/#\/schema\/logo\/image\/"}},{"@type":"Person","@id":"https:\/\/festifs-event.com\/#\/schema\/person\/72b0bcad911c8a6094ec4bbac81a6249","name":"casey creation","image":{"@type":"ImageObject","inLanguage":"fr-FR","@id":"https:\/\/festifs-event.com\/#\/schema\/person\/image\/","url":"https:\/\/secure.gravatar.com\/avatar\/f6ede923e8a6b9a4a5ba7193098ef0ea3fc558d491bc660222fcbcacd8f8e460?s=96&d=mm&r=g","contentUrl":"https:\/\/secure.gravatar.com\/avatar\/f6ede923e8a6b9a4a5ba7193098ef0ea3fc558d491bc660222fcbcacd8f8e460?s=96&d=mm&r=g","caption":"casey creation"},"sameAs":["https:\/\/www.facebook.com\/profile.php?id=100027351986186"],"url":"https:\/\/festifs-event.com\/index.php\/author\/caseycreationphotographe\/"}]}},"_links":{"self":[{"href":"https:\/\/festifs-event.com\/index.php\/wp-json\/wp\/v2\/posts\/501","targetHints":{"allow":["GET"]}}],"collection":[{"href":"https:\/\/festifs-event.com\/index.php\/wp-json\/wp\/v2\/posts"}],"about":[{"href":"https:\/\/festifs-event.com\/index.php\/wp-json\/wp\/v2\/types\/post"}],"author":[{"embeddable":true,"href":"https:\/\/festifs-event.com\/index.php\/wp-json\/wp\/v2\/users\/3"}],"replies":[{"embeddable":true,"href":"https:\/\/festifs-event.com\/index.php\/wp-json\/wp\/v2\/comments?post=501"}],"version-history":[{"count":8,"href":"https:\/\/festifs-event.com\/index.php\/wp-json\/wp\/v2\/posts\/501\/revisions"}],"predecessor-version":[{"id":545,"href":"https:\/\/festifs-event.com\/index.php\/wp-json\/wp\/v2\/posts\/501\/revisions\/545"}],"wp:featuredmedia":[{"embeddable":true,"href":"https:\/\/festifs-event.com\/index.php\/wp-json\/wp\/v2\/media\/223"}],"wp:attachment":[{"href":"https:\/\/festifs-event.com\/index.php\/wp-json\/wp\/v2\/media?parent=501"}],"wp:term":[{"taxonomy":"category","embeddable":true,"href":"https:\/\/festifs-event.com\/index.php\/wp-json\/wp\/v2\/categories?post=501"},{"taxonomy":"post_tag","embeddable":true,"href":"https:\/\/festifs-event.com\/index.php\/wp-json\/wp\/v2\/tags?post=501"}],"curies":[{"name":"wp","href":"https:\/\/api.w.org\/{rel}","templated":true}]}}